{"id":112,"date":"2021-06-02T15:23:35","date_gmt":"2021-06-02T14:23:35","guid":{"rendered":"https:\/\/www.alphanet-bochum.de\/?p=112"},"modified":"2021-06-02T15:44:26","modified_gmt":"2021-06-02T14:44:26","slug":"ein-weiter-weg","status":"publish","type":"post","link":"https:\/\/www.alphanet-bochum.de\/?p=112","title":{"rendered":"&#8230;ein weiter Weg!"},"content":{"rendered":"\n<p><strong>Oder: Meine Corona-Infektion und der Kampf mit Long-Covid<\/strong><\/p>\n\n\n\n<p>Der alte Inhalt meiner alten Homepage ist nun hier intrigriert, aber es liegt noch eine Menge Arbeit vor mir.<br>Erschwerend kommt dazu, dass mir leider die Kraft fehlt, in meine Page die Zeit zu investieren, wie ich es gerne h\u00e4tte.<br>Ich hatte mir Ende November2020 hatte ich mich auf der Arbeit mit Corona infiziert&#8230; einer der partys\u00fcchtigen und &#8222;ist doch alles nicht so schlimm&#8220;-Jungfacharbeitern war h\u00f6chstwahrscheinlich der Seuchenherd bei meiner Infektion.<br>Das einzige, woran ich bemerkte, dass ich mir den Mist wohl eingefangen hatte, war das mein Geruchs- und Geschmacksinn von &#8222;jetzt auf gleich&#8220; komplett weg war.<br>Und mit &#8222;weg&#8220; meine ich wirklich komplett weg! Viele meinen jetzt &#8222;Ach, ich hatte auch mal mein Geschmack verloren und auch nix mehr geschmeckt, wo ich erk\u00e4ltet war!&#8220; &#8211; Nein, das ist wirklich kein Vergleich&#8230; Stark eingeschr\u00e4nkt ja, komplet weg wie bei einer Corona-Infektion sicherlich nicht! Ich kenne den Unterschied.<br>Ich versuche es mal mit einem Vergleich: Stellt euch vor, das w\u00e4re jetzt nicht der Geruchs- und Geschmackssinn, sondern die F\u00e4higkeit &#8222;sehen zu k\u00f6nnen&#8220;!<br>Ein gesunderMensch w\u00fcrde dann ein Bild normal inseiner vollen Pracht genie\u00dfen k\u00f6nnen:<\/p>\n\n\n\n<figure class=\"wp-block-image size-large\"><img loading=\"lazy\" decoding=\"async\" width=\"800\" height=\"600\" src=\"https:\/\/www.alphanet-bochum.de\/wp-content\/uploads\/2021\/06\/original.jpg\" alt=\"\" class=\"wp-image-113\" srcset=\"https:\/\/www.alphanet-bochum.de\/wp-content\/uploads\/2021\/06\/original.jpg 800w, https:\/\/www.alphanet-bochum.de\/wp-content\/uploads\/2021\/06\/original-300x225.jpg 300w, https:\/\/www.alphanet-bochum.de\/wp-content\/uploads\/2021\/06\/original-768x576.jpg 768w\" sizes=\"(max-width: 800px) 100vw, 800px\" \/><figcaption>Blick zum Jenner am K\u00f6nigssee &#8211; Kontrastreich, scharf und klare Farben (Foto: E. Pekowski)<\/figcaption><\/figure>\n\n\n\n<p>Dann w\u00e4re die Geschmacklosigkeit w\u00e4hrend einer normalen Grippe oder schweren Erk\u00e4ltung (oder der &#8222;t\u00f6dlichen M\u00e4nnergrippe&#8220;, die auch nicht verharmlost werden darf, solange nicht gekl\u00e4rt ist, woran die Dinos ausgestorben sind \ud83d\ude09 ) so zu verstehen, als w\u00fcrde man alles nur noch sehr stark verschwommen wahrnehmen, wie als wenn man durch eine d\u00fcnne Milchglasscheibe schauen w\u00fcrde. Mit dem Bild wieder erkl\u00e4rt, w\u00fcrde es dann so aussehen:<\/p>\n\n\n\n<figure class=\"wp-block-image size-large\"><img loading=\"lazy\" decoding=\"async\" width=\"800\" height=\"600\" src=\"https:\/\/www.alphanet-bochum.de\/wp-content\/uploads\/2021\/06\/verschnupft.jpg\" alt=\"\" class=\"wp-image-114\" srcset=\"https:\/\/www.alphanet-bochum.de\/wp-content\/uploads\/2021\/06\/verschnupft.jpg 800w, https:\/\/www.alphanet-bochum.de\/wp-content\/uploads\/2021\/06\/verschnupft-300x225.jpg 300w, https:\/\/www.alphanet-bochum.de\/wp-content\/uploads\/2021\/06\/verschnupft-768x576.jpg 768w\" sizes=\"(max-width: 800px) 100vw, 800px\" \/><figcaption>Das gleiche Bild, jedoch &#8222;voll verschnupft&#8220;<\/figcaption><\/figure>\n\n\n\n<p>Farben, Konturen, Hell, Dunkelheit \u2026 all dies w\u00fcrde man noch erkennen k\u00f6nnen.<br>Der Geruchs- und Geschmacksverlust bei meiner Covid-Erkrankung war f\u00fcr mich eher, als w\u00fcrde ich schlagartig erblinden\u2026 nur schwarz, sonst nix.<br>Zu diesem Zeitpunkt wagte ich ein Experiment: <br>Ich nahm je einen Teel\u00f6ffel mit Mayo, Ketchup, Senf (ich hasse Senf), Marmelade und Zahnpasta.<br>Die L\u00f6ffel habe ich dann beschriftet und auf einen Teller, der auf einer drehbaren Unterlage befestigt war mir einem Kebestreifen fixiert. Ich hatte dann meine Augen verbunden und den drehbaren L\u00f6ffelteller vorsichtig gedreht.<br>Nach einer verdrehten Zeit habe ich dann einen L\u00f6ffel genommen und den Geschmack getestet. <br>Dann wieder den Teller weiter gedreht&#8230; aber ich konnte absolut keinen Unterschied feststellen, au\u00dfer der Marmelade, die sich auf Grund ihrer Konsestenz verraten hatte. Senf hielt ich f\u00fcr Mayo, Zahnpasta f\u00fcr Ketchup und den Ketchup sch\u00e4tzte ich als Senf ein und auch die Mayo konnte ich nicht zuordnen&#8230; zur Identifizierung hatte ich tats\u00e4chlich nur noch die Cremigkeit.<br>Nach ca. 2 Monaten kam ein ganz kleiner und minimaler Teil wieder zur\u00fcck. Scharf, Bitter, Salzig oder S\u00fc\u00df (eben das was man direkt \u00fcber die Zunge wahr nehmen kann) konnte ich dann leicht wieder &#8222;schmecken&#8220;.<br>Es w\u00e4re um den Vergleich wieder zu verwenden so, als k\u00f6nne ich ein Gem\u00e4lde nur sehr klein und in schwarz\/wei\u00df sehen:<\/p>\n\n\n\n<div class=\"wp-block-image\"><figure class=\"aligncenter size-large\"><img loading=\"lazy\" decoding=\"async\" width=\"400\" height=\"300\" src=\"https:\/\/www.alphanet-bochum.de\/wp-content\/uploads\/2021\/06\/bw.jpg\" alt=\"\" class=\"wp-image-115\" srcset=\"https:\/\/www.alphanet-bochum.de\/wp-content\/uploads\/2021\/06\/bw.jpg 400w, https:\/\/www.alphanet-bochum.de\/wp-content\/uploads\/2021\/06\/bw-300x225.jpg 300w\" sizes=\"(max-width: 400px) 100vw, 400px\" \/><figcaption>Noch weit davon entfernt, aber ein Anfang!<\/figcaption><\/figure><\/div>\n\n\n\n<p>Dieser Zustand ist noch weit davon entfernt, um als &#8222;richtiger Geschmack&#8220; durch zu gehen. Aber ein Hoffnungsschimmer, dass ich irgendwann alle meine Sinne wieder bekommen kann&#8230; hoffentlich.<br><br>Drei weitere Monate sp\u00e4ter hatte ich dann pl\u00f6tzlich genau EINEN Geschmack wieder zur\u00fcck.<br>Wie soll ich diesen nur erkl\u00e4ren&#8230; Irgendwie \u00e4hnlich wie an der Tankstelle, mit frischer Spr\u00fchfarbe, sehr s\u00fc\u00dflich.<br>Anfangs freute ich mich, aber dieser Geruch ist mir nun sehr unangenehm, vor allem schmeckt alles entweder nach nichts oder genau nach diesem einen Geruch&#8230; egal ob Pommes, Salami, Obst, Motor-Abgase vom Roller oder die Dame, die vermutlich jeden Tester in der Paf\u00fcmerie ausprobiert hatte. Und weiterhin sind die meisten Sachen f\u00fcr mich nach wie vor geruchslos. Es ist so, als w\u00fcrde ich vom gro\u00dfen ganzen nur einen winzigen Teil wahrnehmen.<br>Vergleiche ich es wieder mit dem Bild, w\u00e4re es so, als w\u00fcrde ich zwar erkennen, ob es salzig, bitter, s\u00fc\u00df oder scharf ist, aber nur einen Teil der Aromen oder nur genau eine Farbe wahr nehmen k\u00f6nnen, w\u00fcrde das Bild so aussehen:<\/p>\n\n\n\n<figure class=\"wp-block-image size-large\"><img loading=\"lazy\" decoding=\"async\" width=\"800\" height=\"600\" src=\"https:\/\/www.alphanet-bochum.de\/wp-content\/uploads\/2021\/06\/red.jpg\" alt=\"\" class=\"wp-image-116\" srcset=\"https:\/\/www.alphanet-bochum.de\/wp-content\/uploads\/2021\/06\/red.jpg 800w, https:\/\/www.alphanet-bochum.de\/wp-content\/uploads\/2021\/06\/red-300x225.jpg 300w, https:\/\/www.alphanet-bochum.de\/wp-content\/uploads\/2021\/06\/red-768x576.jpg 768w\" sizes=\"(max-width: 800px) 100vw, 800px\" \/><\/figure>\n\n\n\n<p>Fast alles ist gleich und einige Sachen nehme ich nun anders wahr. Dinge, die ich fr\u00fcher sehr gerne gemocht hatte, kann ich jetzt absolut nicht mehr leiden, da meine Wahrnehmung total irritiert ist.<br>Der Himmel ist normalerweise richtig blau! Aber im Bild setzt sich das tiefe Blau auch aus einen gro\u00dfen Teil Rot mit zusammen. Die Grund(licht)farben sind Rot, Blau und Gr\u00fcn. Nimmt man dem Foto nun das Gr\u00fcn und Blau zu 97% weg, erh\u00e4lt man so ein Ergebniss. Es wirkt falsch und nicht so sch\u00f6n, wie das wirkliche Bild.<br>Nun hat der Juni begonnen und mein Geruchs- und Geschmacksinn haben sich nicht weiter verbessert. Ich hoffe sehr, dass dies dennoch mit der Zeit wieder kommt und ich das &#8222;Bild&#8220; wieder voll genie\u00dfen kann.<br>Bis dahin vermisse ich den Geschmack eines guten Essens&#8230; den Geruch am Morgen oder nach einem Sommerregen oder einer frischen Wiese oder der angenehme Geruch im Wald oder der Geruch beim grillen, der einem das Wasser im Mund zusammen laufen l\u00e4sst oder der Geruch nach frischem Holz, wenn man neue M\u00f6bel hat oder sich ein neues Regal gebaut hat&#8230; &#8230; &#8230; Erinnerungen, die leider langsam schon anfangen zu verblassen.<\/p>\n\n\n\n<p>Neben meinem Verlust des Geruchs- und Geschmackssinns hab ich leider noch etwas beibehalten von der Infektion.<br>Mir fehlt einfach die Kraft und Energie, einen Tag normal aktiv seien zu k\u00f6nnen.<br>Es wurde immer schlimmer und ging so weit, dass ich auf der Arbeit &#8222;einfach so&#8220; einen Blackout hatte&#8230; ein Gef\u00fchl, als w\u00fcrde jemand einem den Stecker ziehen&#8230; es gehen einfach die Lichter aus.<br>Die \u00c4rzte bezeichnen das was ich habe als eine Form von &#8222;Long-Covid&#8220; und leider ist es (Stand Juni2021) noch komplett unerforscht.<br>Die Fach\u00e4rzte sind leider alle komplett \u00fcberlastet und Termine zu bekommen ist schwieriger, als einer Kuh das fliegen beizubringen. Ich habe aktuell Wartezeiten von mindestens 3 Wochen zwischen den Untersuchungsterminen.<br>Leider wird mein Zustand &#8222;nur von Ruhe zu Hause&#8220; nicht wirklich besser. Im Gegenteil, ich kann mich aktuell nicht l\u00e4nger als 2 Stunden am Tag konzentrieren oder 3 Stunden aktiv was machen, wie z.B. Einkaufen gehen, Haushalt, Reperaturen, Bastelleien, &#8230; oder einfach nur stehen oder gehen.<br>Den Rest stitze ich entweder vor dem PC und schaue ein paar einfache Serien oder h\u00f6re etwas Musik oder ich liege einfach kraftlos im Bett und warte einfach darauf, dass der Tag vorbei ist.<br>&#8222;Ja wenn du so viel im Bett liegst, musst du doch richtig fit und ausgeschlafen sein!&#8220; &#8211; Nein, ganz klares nein!<br>Denn auch wenn ich so lange &#8222;ruhe&#8220;, ist es weder angenehm, noch erholsam. An manchen Tagen fehlt mir sogar die Kraft zum aufstehen. Der Weg zur Toilette und zur\u00fcck ins Bett ist dann Belastung genug f\u00fcr den Tag gewesen.<br>&#8222;Mach mal Sport! Dann bist du schnell wieder Fit!&#8220; &#8211; Ne, leider hat Corona meine Lunge und mein Herz angegriffen.<br>Allein schon mehr als 20 Treppenstufen steigen, kommt mir vor, als w\u00fcrde ich in 2500m H\u00f6he einen 16km Marsch hinter mir zu haben. Schweres Stechen quer in der Brust inklusive.<\/p>\n\n\n\n<p>So weit zu meinem aktuellen Status. Was mich am meisten an der Sache \u00e4rgert ist, dass ich einer der wenigen auf der Arbeit war, der seit Corona im Umlauf ist, sich an alle mir m\u00f6glichen Ma\u00dfnahmen gehalten hatte.<br>Ich habe auf Treffen verzichtet, auf Ausfl\u00fcge, auf Shopping, habe drau\u00dfen (auch wenn meine Brille immer wieder beschlug) eine OP-Maske getragen, hatte immer ein Desinfektionsspray f\u00fcr H\u00e4nde und Einkaufswagengriffe in der Tasche.<br>Andere gingen Feiern, Saufen, Kuscheln, dr\u00e4ngeln sich in volle Kaufh\u00e4user, Scheiss-auf-Maske-ich-kann-nicht-so-richtig-atmen und meine speziellen Freunde: die &#8222;Corona gibt es nicht&#8220;-Fraktion.<br>Diesen asozielen Idioten haben wir es zu verdanken, dass wir das Virus so lange nicht in den Griff bekommen haben.<br>Diesen asozialen Idioten haben wir es zu verdanken, dass so viele Menschen unn\u00f6tig leiden, leiden mussten oder gar gestorben sind!<br>Diese Verharmlosung ist verdammt gef\u00e4hrlich und den Schaden hab nicht nur ich, sondern Millionen Menschen weltweit.<br>Meine Hoffnung beruht nun darauf, dass es der Medizin gelingt etwas zu finden, was die Symptome von Long-Covid lindern oder sogar heilen kann. Der Impfschutz nimmt ja zum Gl\u00fcck richtig fahrt auf und viele meiner Bekannten und auch meine Eltern sind schon geimpft worden. Ich selbst warte leider noch immer auf eine Impfung, trotz Prio-Gruppe 3 bekomme ich noch keinen Termin. Dennoch glaube ich, dass wir den Virus bis sp\u00e4testens Ende Herbst besiegt haben werden&#8230; wenn nicht irgendwelche Superspreader die n\u00e4chste Welle lostreten&#8230;<br><br>Danke an alle, die wirklich bis hier hin alles gelesen haben. Ich musste das alles mal loswerden.<br>Auf Twitter ist viel zu wenig Platz, auf Instagram bin ich eher nur mit meinem Motorrad und Pok\u00e9mon-Hobbie unterwegs und das Fratzenbuch ist f\u00fcr mich nicht existent!<br>Bleibt bitte gesund! Haltet bitte noch ein wenig durch und beachtet weiterhin die Hygiene-Regeln!<br>Ich hoffe, ich werde bald wieder aktiver im Leben teilnehmen k\u00f6nnen.<br><\/p>\n","protected":false},"excerpt":{"rendered":"<p>Oder: Meine Corona-Infektion und der Kampf mit Long-Covid Der alte Inhalt meiner alten Homepage ist nun hier intrigriert, aber es liegt noch eine Menge Arbeit vor mir.Erschwerend kommt dazu, dass mir leider die Kraft fehlt, in meine Page die Zeit zu investieren, wie ich es gerne h\u00e4tte.Ich hatte mir Ende [&hellip;]<\/p>\n","protected":false},"author":1,"featured_media":0,"comment_status":"open","ping_status":"open","sticky":false,"template":"","format":"standard","meta":{"footnotes":""},"categories":[16],"tags":[11,12,13,14,15],"class_list":["post-112","post","type-post","status-publish","format-standard","hentry","category-blog","tag-blog","tag-corona","tag-long-covid","tag-status","tag-vergleich"],"_links":{"self":[{"href":"https:\/\/www.alphanet-bochum.de\/index.php?rest_route=\/wp\/v2\/posts\/112"}],"collection":[{"href":"https:\/\/www.alphanet-bochum.de\/index.php?rest_route=\/wp\/v2\/posts"}],"about":[{"href":"https:\/\/www.alphanet-bochum.de\/index.php?rest_route=\/wp\/v2\/types\/post"}],"author":[{"embeddable":true,"href":"https:\/\/www.alphanet-bochum.de\/index.php?rest_route=\/wp\/v2\/users\/1"}],"replies":[{"embeddable":true,"href":"https:\/\/www.alphanet-bochum.de\/index.php?rest_route=%2Fwp%2Fv2%2Fcomments&post=112"}],"version-history":[{"count":2,"href":"https:\/\/www.alphanet-bochum.de\/index.php?rest_route=\/wp\/v2\/posts\/112\/revisions"}],"predecessor-version":[{"id":120,"href":"https:\/\/www.alphanet-bochum.de\/index.php?rest_route=\/wp\/v2\/posts\/112\/revisions\/120"}],"wp:attachment":[{"href":"https:\/\/www.alphanet-bochum.de\/index.php?rest_route=%2Fwp%2Fv2%2Fmedia&parent=112"}],"wp:term":[{"taxonomy":"category","embeddable":true,"href":"https:\/\/www.alphanet-bochum.de\/index.php?rest_route=%2Fwp%2Fv2%2Fcategories&post=112"},{"taxonomy":"post_tag","embeddable":true,"href":"https:\/\/www.alphanet-bochum.de\/index.php?rest_route=%2Fwp%2Fv2%2Ftags&post=112"}],"curies":[{"name":"wp","href":"https:\/\/api.w.org\/{rel}","templated":true}]}}