{"id":189,"date":"2023-11-06T21:34:13","date_gmt":"2023-11-06T20:34:13","guid":{"rendered":"https:\/\/www.alphanet-bochum.de\/?p=189"},"modified":"2023-11-06T21:34:14","modified_gmt":"2023-11-06T20:34:14","slug":"lange-inaktivitaet-und-mein-aktueller-gesundheitsstand","status":"publish","type":"post","link":"https:\/\/www.alphanet-bochum.de\/?p=189","title":{"rendered":"Lange Inaktivit\u00e4t und mein aktueller Gesundheitsstand"},"content":{"rendered":"\n<p>Ich habe mal wieder sehr lange nichts gemacht hier.<br>Mir w\u00e4chst leider noch immer so einiges \u00fcber den Kopf und bin zeitlich mehr als eingespannt. <br>Die Gesundheit ist auch ein gewaltiger Hemmschu und meine Long-Covid-Problematik hat sich&#8230; ich sage mal &#8222;fest gesessen&#8220;.<br>Also es hat sich alles bis zu einem gewissen Punkt langsam verbessert, aber nun schon seit verdammt langer Zeit ist es nicht mehr besser, aber auch nicht schlechter geworden. <br>Man soll sich ja auch \u00fcber die kleinen Dinge freuen. Ausdauer und Kondition sind nicht besser geworden und diese &#8222;neu anzutrainieren&#8220;, ist leider nicht leicht, bzw. m\u00f6glich.<br>Herz und Lunge spielen da nicht mehr mit. Mein Geruchs- und Geschmackssinn ist leider auch nicht mehr besser geworden, aber ich habe mich nun damit abgefunden.<br>Leichte Aggressionen versp\u00fcre ich jedoch noch immer, wenn Leute behaupten, dass sei alles eine &#8222;Plandemie&#8220; gewesen, oder &#8222;Corona gibt es nicht&#8220; oder &#8222;LongCovid ist erfunden&#8220; blah blah blah&#8230;<br>An dieser &#8222;erfundenen Krankheit, die es ja nicht gibt&#8220;, habe ich insgesamt 4 Leute verloren, die ich pers\u00f6nlich kannte und sehr mochte.<br>Aber was soll&#8217;s&#8230; Der Gro\u00dfteil der Menschheit ist leider sehr dumm und \u00e4ndern kann ich das auch nicht.<br>Ich ziehe mich nur von solchen Idioten zur\u00fcck und blocke diese Art Menschen aus meinen digitalen Social Media Welten (z. Instagram, Twitter, etc.) weg.<\/p>\n","protected":false},"excerpt":{"rendered":"<p>Ich habe mal wieder sehr lange nichts gemacht hier.Mir w\u00e4chst leider noch immer so einiges \u00fcber den Kopf und bin zeitlich mehr als eingespannt. Die Gesundheit ist auch ein gewaltiger Hemmschu und meine Long-Covid-Problematik hat sich&#8230; ich sage mal &#8222;fest gesessen&#8220;.Also es hat sich alles bis zu einem gewissen Punkt [&hellip;]<\/p>\n","protected":false},"author":1,"featured_media":0,"comment_status":"open","ping_status":"open","sticky":false,"template":"","format":"standard","meta":{"footnotes":""},"categories":[16],"tags":[11,13,14],"class_list":["post-189","post","type-post","status-publish","format-standard","hentry","category-blog","tag-blog","tag-long-covid","tag-status"],"_links":{"self":[{"href":"https:\/\/www.alphanet-bochum.de\/index.php?rest_route=\/wp\/v2\/posts\/189"}],"collection":[{"href":"https:\/\/www.alphanet-bochum.de\/index.php?rest_route=\/wp\/v2\/posts"}],"about":[{"href":"https:\/\/www.alphanet-bochum.de\/index.php?rest_route=\/wp\/v2\/types\/post"}],"author":[{"embeddable":true,"href":"https:\/\/www.alphanet-bochum.de\/index.php?rest_route=\/wp\/v2\/users\/1"}],"replies":[{"embeddable":true,"href":"https:\/\/www.alphanet-bochum.de\/index.php?rest_route=%2Fwp%2Fv2%2Fcomments&post=189"}],"version-history":[{"count":1,"href":"https:\/\/www.alphanet-bochum.de\/index.php?rest_route=\/wp\/v2\/posts\/189\/revisions"}],"predecessor-version":[{"id":190,"href":"https:\/\/www.alphanet-bochum.de\/index.php?rest_route=\/wp\/v2\/posts\/189\/revisions\/190"}],"wp:attachment":[{"href":"https:\/\/www.alphanet-bochum.de\/index.php?rest_route=%2Fwp%2Fv2%2Fmedia&parent=189"}],"wp:term":[{"taxonomy":"category","embeddable":true,"href":"https:\/\/www.alphanet-bochum.de\/index.php?rest_route=%2Fwp%2Fv2%2Fcategories&post=189"},{"taxonomy":"post_tag","embeddable":true,"href":"https:\/\/www.alphanet-bochum.de\/index.php?rest_route=%2Fwp%2Fv2%2Ftags&post=189"}],"curies":[{"name":"wp","href":"https:\/\/api.w.org\/{rel}","templated":true}]}}